{"id":4758,"date":"2021-01-02T15:45:49","date_gmt":"2021-01-02T14:45:49","guid":{"rendered":"http:\/\/www.osp.byczyna.info\/?p=4758"},"modified":"2021-01-02T15:50:55","modified_gmt":"2021-01-02T14:50:55","slug":"podsumowanie-roku-2020","status":"publish","type":"post","link":"http:\/\/test.byczyna.cal24.pl\/?p=4758","title":{"rendered":"Podsumowanie roku 2020"},"content":{"rendered":"\n<p><strong>Kolejny rok naszej dzia\u0142alno\u015bci za nami, w zwi\u0105zku z czym nadszed\u0142 czas na kr\u00f3tkie podsumowanie.<\/strong><\/p>\n\n\n\n<!--more-->\n\n\n\n<p>W roku 2020 interweniowali\u015bmy przy 199 dzia\u0142aniach ratowniczo-ga\u015bniczych (to o 71 razy wi\u0119cej ni\u017c w roku 2019). W tym 25 zdarze\u0144 dotyczy\u0142o rozg\u0142aszania komunikat\u00f3w g\u0142osowych na terenie Gminy Byczyna w zwi\u0105zku z pandemi\u0105 COVID-19. Zwi\u0119kszona ilo\u015b\u0107  interwencji spowodowana by\u0142a tak\u017ce wichurami i burzami z intensywnymi opadami deszczu kt\u00f3re dwa razy spowodowa\u0142y podtopienia posesji i budynk\u00f3w w Byczynie i Ja\u015bkowicach. <\/p>\n\n\n\n<p class=\"has-text-align-center\"><strong>Pi\u0119\u0107 razy interweniowali\u015bmy poza Gmin\u0105 Byczyna:<br><\/strong># Po\u017car suchej trawy \u2013 \u0141ubnice woj. \u0142\u00f3dzkie,<br># Usuwanie skutk\u00f3w wichury Ro\u017cn\u00f3w \u2013 gm. Wo\u0142czyn,<br># Usuwanie skutk\u00f3w wichury Krzywiczyny \u2013 gm. Wo\u0142czyn (dwa zdarzenia),<br># Umacnianie wa\u0142\u00f3w na rzece Odra &#8211; Brzeg.<\/p>\n\n\n\n<p class=\"has-text-align-center\"><strong>Statystyki wyjazd\u00f3w w roku 2020:<\/strong><br>Po\u017cary &#8211; 33<br>Miejscowe zagro\u017cenia &#8211; 152<br>Alarmy fa\u0142szywe &#8211; 14<br>\u0141\u0105cznie &#8211; 199<\/p>\n\n\n<p>[wpcharts type=&#8221;barchart&#8221; bgcolor=&#8221;red:gray:yellow,blue:gray:yellow,random:gray:yellow,purple:gray:yellow&#8221; legend=&#8221;false&#8221; titles=&#8221;Po\u017cary,Miejscowe zagro\u017cenia,Alarmy fa\u0142szywe,\u0141\u0105cznie&#8221; values=&#8221;33,152,14,199&#8243;]<\/p>\n\n\n\n<p class=\"has-text-align-center\"><strong>Do zdarze\u0144 wyjecha\u0142o \u0142\u0105cznie 266 zast\u0119p\u00f3w:<br><\/strong>GBA 2,5\/16 Volvo FL 290 \u2013 111 razy,<br>GBA 3\/16 Volvo FL 280 \u2013 59 razy,<br>GBA Magirus Deutz \u2013 18 razy,<br>GLBM Ford Transit \u2013 33 razy,<br>SCD 30 Iveco\/Magirus \u2013 45 razy,<\/p>\n\n\n<p>[wpcharts type=&#8221;barchart&#8221; bgcolor=&#8221;red:gray:yellow:green,blue:gray:yellow,random:gray:yellow,purple:gray:yellow:green&#8221; legend=&#8221;true&#8221; titles=&#8221;Volvo FL 290,Volvo FL 280,Magirus Deutz,Ford Transit,Iveco Magirus&#8221; values=&#8221;111,59,18,33,45&#8243;]<\/p>\n\r\n<script><\/script>","protected":false},"excerpt":{"rendered":"<p>Kolejny rok naszej dzia\u0142alno\u015bci za nami, w zwi\u0105zku z czym nadszed\u0142 czas na kr\u00f3tkie podsumowanie.<\/p>\n","protected":false},"author":1,"featured_media":4767,"comment_status":"open","ping_status":"open","sticky":false,"template":"","format":"standard","meta":{"footnotes":""},"categories":[72],"tags":[],"_links":{"self":[{"href":"http:\/\/test.byczyna.cal24.pl\/index.php?rest_route=\/wp\/v2\/posts\/4758"}],"collection":[{"href":"http:\/\/test.byczyna.cal24.pl\/index.php?rest_route=\/wp\/v2\/posts"}],"about":[{"href":"http:\/\/test.byczyna.cal24.pl\/index.php?rest_route=\/wp\/v2\/types\/post"}],"author":[{"embeddable":true,"href":"http:\/\/test.byczyna.cal24.pl\/index.php?rest_route=\/wp\/v2\/users\/1"}],"replies":[{"embeddable":true,"href":"http:\/\/test.byczyna.cal24.pl\/index.php?rest_route=%2Fwp%2Fv2%2Fcomments&post=4758"}],"version-history":[{"count":14,"href":"http:\/\/test.byczyna.cal24.pl\/index.php?rest_route=\/wp\/v2\/posts\/4758\/revisions"}],"predecessor-version":[{"id":4788,"href":"http:\/\/test.byczyna.cal24.pl\/index.php?rest_route=\/wp\/v2\/posts\/4758\/revisions\/4788"}],"wp:featuredmedia":[{"embeddable":true,"href":"http:\/\/test.byczyna.cal24.pl\/index.php?rest_route=\/wp\/v2\/media\/4767"}],"wp:attachment":[{"href":"http:\/\/test.byczyna.cal24.pl\/index.php?rest_route=%2Fwp%2Fv2%2Fmedia&parent=4758"}],"wp:term":[{"taxonomy":"category","embeddable":true,"href":"http:\/\/test.byczyna.cal24.pl\/index.php?rest_route=%2Fwp%2Fv2%2Fcategories&post=4758"},{"taxonomy":"post_tag","embeddable":true,"href":"http:\/\/test.byczyna.cal24.pl\/index.php?rest_route=%2Fwp%2Fv2%2Ftags&post=4758"}],"curies":[{"name":"wp","href":"https:\/\/api.w.org\/{rel}","templated":true}]}}